{"id":17818,"date":"2025-07-14T15:32:15","date_gmt":"2025-07-14T15:32:15","guid":{"rendered":"https:\/\/trelitubos.com.br\/novo\/?p=17818"},"modified":"2025-07-14T15:32:15","modified_gmt":"2025-07-14T15:32:15","slug":"trump-anuncia-tarifa-de-50-impactos-na-industria-brasileira","status":"publish","type":"post","link":"https:\/\/trelitubos.com.br\/novo\/trump-anuncia-tarifa-de-50-impactos-na-industria-brasileira\/","title":{"rendered":"Trump anuncia tarifa de 50%: impactos na ind\u00fastria brasileira"},"content":{"rendered":"<p data-start=\"303\" data-end=\"759\">No \u00faltimo s\u00e1bado (12), o ex-presidente dos Estados Unidos, Donald Trump, anunciou oficialmente a retomada de tarifas agressivas sobre a importa\u00e7\u00e3o de a\u00e7o e alum\u00ednio, impondo <strong data-start=\"477\" data-end=\"523\">uma al\u00edquota de 50% sobre o a\u00e7o brasileiro<\/strong> \u2014 o maior percentual entre todos os pa\u00edses notificados. A medida acende um alerta para o setor industrial brasileiro, especialmente as ind\u00fastrias sider\u00fargicas e metal\u00fargicas que mant\u00eam rela\u00e7\u00f5es comerciais com o mercado norte-americano.<\/p>\n<h3 data-start=\"761\" data-end=\"792\"><strong data-start=\"765\" data-end=\"792\">O que motivou a medida?<\/strong><\/h3>\n<p data-start=\"794\" data-end=\"1115\">Segundo o ex-presidente, a justificativa \u00e9 proteger os empregos industriais nos EUA, combater pr\u00e1ticas comerciais que ele considera desleais e incentivar a produ\u00e7\u00e3o local. No entanto, especialistas afirmam que esse tipo de pol\u00edtica protecionista tem <strong data-start=\"1044\" data-end=\"1074\">efeitos colaterais severos<\/strong> em toda a cadeia global de fornecimento.<\/p>\n<h3 data-start=\"1117\" data-end=\"1161\"><strong data-start=\"1121\" data-end=\"1161\">Impactos para a ind\u00fastria brasileira<\/strong><\/h3>\n<p data-start=\"1163\" data-end=\"1510\">A ind\u00fastria do a\u00e7o no Brasil \u00e9 uma das mais competitivas e estrat\u00e9gicas do pa\u00eds, com forte presen\u00e7a internacional. Em 2023, o Brasil exportou cerca de <strong data-start=\"1314\" data-end=\"1372\">2,6 milh\u00f5es de toneladas de a\u00e7o para os Estados Unidos<\/strong>, o que representou <strong data-start=\"1392\" data-end=\"1424\">quase 35% do total exportado<\/strong>. Com a tarifa de 50%, o a\u00e7o brasileiro perde competitividade imediata, podendo gerar:<\/p>\n<ul data-start=\"1512\" data-end=\"1784\">\n<li data-start=\"1512\" data-end=\"1542\">\n<p data-start=\"1514\" data-end=\"1542\"><strong data-start=\"1514\" data-end=\"1541\">Redu\u00e7\u00e3o das exporta\u00e7\u00f5es<\/strong>;<\/p>\n<\/li>\n<li data-start=\"1543\" data-end=\"1608\">\n<p data-start=\"1545\" data-end=\"1608\"><strong data-start=\"1545\" data-end=\"1577\">Aumento de estoques internos<\/strong> e queda nos pre\u00e7os dom\u00e9sticos;<\/p>\n<\/li>\n<li data-start=\"1609\" data-end=\"1674\">\n<p data-start=\"1611\" data-end=\"1674\"><strong data-start=\"1611\" data-end=\"1673\">Impacto direto no faturamento das sider\u00fargicas brasileiras<\/strong>;<\/p>\n<\/li>\n<li data-start=\"1675\" data-end=\"1729\">\n<p data-start=\"1677\" data-end=\"1729\"><strong data-start=\"1677\" data-end=\"1728\">Risco de cortes de produ\u00e7\u00e3o e empregos no setor<\/strong>;<\/p>\n<\/li>\n<li data-start=\"1730\" data-end=\"1784\">\n<p data-start=\"1732\" data-end=\"1784\"><strong data-start=\"1732\" data-end=\"1783\">Busca por novos mercados e parcerias comerciais<\/strong>.<\/p>\n<\/li>\n<\/ul>\n<p data-start=\"1786\" data-end=\"2033\">Al\u00e9m disso, essa eleva\u00e7\u00e3o nas tarifas pode provocar um efeito domin\u00f3, prejudicando tamb\u00e9m <strong data-start=\"1876\" data-end=\"1907\">setores consumidores de a\u00e7o<\/strong>, como a constru\u00e7\u00e3o civil, ind\u00fastria automotiva e de m\u00e1quinas e equipamentos, devido a poss\u00edveis ajustes nos pre\u00e7os e demanda.<\/p>\n<h3 data-start=\"2035\" data-end=\"2074\"><strong data-start=\"2039\" data-end=\"2074\">O Brasil ainda \u00e9 o mais afetado<\/strong><\/h3>\n<p data-start=\"2076\" data-end=\"2504\">Segundo a reportagem do G1, o Brasil segue como o pa\u00eds com <strong data-start=\"2135\" data-end=\"2177\">a maior tarifa entre os 38 notificados<\/strong>. Outros pa\u00edses, como M\u00e9xico, Canad\u00e1, Coreia do Sul e Jap\u00e3o, tamb\u00e9m foram mencionados na nova pol\u00edtica de restri\u00e7\u00f5es comerciais, mas com percentuais menores. Essa distin\u00e7\u00e3o chama aten\u00e7\u00e3o para a necessidade de <strong data-start=\"2386\" data-end=\"2417\">a\u00e7\u00f5es diplom\u00e1ticas urgentes<\/strong>, especialmente por meio da Organiza\u00e7\u00e3o Mundial do Com\u00e9rcio (OMC) e acordos bilaterais.<\/p>\n<h3 data-start=\"2506\" data-end=\"2552\"><strong data-start=\"2510\" data-end=\"2552\">Oportunidade de fortalecimento interno<\/strong><\/h3>\n<p data-start=\"2554\" data-end=\"2821\">Embora o cen\u00e1rio imponha desafios, a ind\u00fastria brasileira pode transformar essa crise em <strong data-start=\"2643\" data-end=\"2696\">oportunidade de fortalecimento do mercado interno<\/strong>, com est\u00edmulo \u00e0 inova\u00e7\u00e3o, melhoria na produtividade, e expans\u00e3o para mercados alternativos na Am\u00e9rica Latina, Europa e \u00c1sia.<\/p>\n<p data-start=\"2823\" data-end=\"3054\">Empresas que atuam em toda a cadeia do a\u00e7o devem refor\u00e7ar a <strong data-start=\"2883\" data-end=\"2963\">diversifica\u00e7\u00e3o de produtos, servi\u00e7os personalizados e estrat\u00e9gias log\u00edsticas<\/strong> para garantir competitividade e resili\u00eancia frente aos desafios do com\u00e9rcio internacional.<\/p>\n<hr data-start=\"3056\" data-end=\"3059\" \/>\n<h3 data-start=\"3061\" data-end=\"3074\">Conclus\u00e3o<\/h3>\n<p data-start=\"3076\" data-end=\"3420\">A tarifa de 50% anunciada por Trump \u00e9 um movimento com grandes implica\u00e7\u00f5es para o setor sider\u00fargico nacional. Mais do que uma barreira comercial, \u00e9 um chamado \u00e0 <strong data-start=\"3237\" data-end=\"3289\">adapta\u00e7\u00e3o, inova\u00e7\u00e3o e busca por novos horizontes<\/strong>. A ind\u00fastria brasileira tem know-how, infraestrutura e capacidade produtiva para enfrentar o cen\u00e1rio com intelig\u00eancia estrat\u00e9gica.<\/p>\n","protected":false},"excerpt":{"rendered":"<p>No \u00faltimo s\u00e1bado (12), o ex-presidente dos Estados Unidos, Donald Trump, anunciou oficialmente a retomada de tarifas agressivas sobre a importa\u00e7\u00e3o de a\u00e7o e alum\u00ednio, impondo uma al\u00edquota de 50% sobre o a\u00e7o brasileiro \u2014 o maior percentual entre todos os&#8230;<\/p>\n","protected":false},"author":1,"featured_media":17819,"comment_status":"open","ping_status":"open","sticky":false,"template":"","format":"standard","meta":{"_mi_skip_tracking":false,"_monsterinsights_sitenote_active":false,"_monsterinsights_sitenote_note":"","_monsterinsights_sitenote_category":0,"footnotes":""},"categories":[1],"tags":[],"class_list":["post-17818","post","type-post","status-publish","format-standard","has-post-thumbnail","hentry","category-uncategorized"],"aioseo_notices":[],"_links":{"self":[{"href":"https:\/\/trelitubos.com.br\/novo\/wp-json\/wp\/v2\/posts\/17818","targetHints":{"allow":["GET"]}}],"collection":[{"href":"https:\/\/trelitubos.com.br\/novo\/wp-json\/wp\/v2\/posts"}],"about":[{"href":"https:\/\/trelitubos.com.br\/novo\/wp-json\/wp\/v2\/types\/post"}],"author":[{"embeddable":true,"href":"https:\/\/trelitubos.com.br\/novo\/wp-json\/wp\/v2\/users\/1"}],"replies":[{"embeddable":true,"href":"https:\/\/trelitubos.com.br\/novo\/wp-json\/wp\/v2\/comments?post=17818"}],"version-history":[{"count":1,"href":"https:\/\/trelitubos.com.br\/novo\/wp-json\/wp\/v2\/posts\/17818\/revisions"}],"predecessor-version":[{"id":17820,"href":"https:\/\/trelitubos.com.br\/novo\/wp-json\/wp\/v2\/posts\/17818\/revisions\/17820"}],"wp:featuredmedia":[{"embeddable":true,"href":"https:\/\/trelitubos.com.br\/novo\/wp-json\/wp\/v2\/media\/17819"}],"wp:attachment":[{"href":"https:\/\/trelitubos.com.br\/novo\/wp-json\/wp\/v2\/media?parent=17818"}],"wp:term":[{"taxonomy":"category","embeddable":true,"href":"https:\/\/trelitubos.com.br\/novo\/wp-json\/wp\/v2\/categories?post=17818"},{"taxonomy":"post_tag","embeddable":true,"href":"https:\/\/trelitubos.com.br\/novo\/wp-json\/wp\/v2\/tags?post=17818"}],"curies":[{"name":"wp","href":"https:\/\/api.w.org\/{rel}","templated":true}]}}