{"id":150,"date":"2022-01-29T13:03:46","date_gmt":"2022-01-29T13:03:46","guid":{"rendered":"https:\/\/demo.artureanec.com\/themes\/industrium\/?p=150"},"modified":"2023-08-02T20:23:02","modified_gmt":"2023-08-02T20:23:02","slug":"industria-aco-brasil-crescer","status":"publish","type":"post","link":"https:\/\/trelitubos.com.br\/novo\/industria-aco-brasil-crescer\/","title":{"rendered":"Ind\u00fastria do a\u00e7o no Brasil deve crescer 2,7% em 2022, projeta associa\u00e7\u00e3o"},"content":{"rendered":"\r\n<p style=\"font-style: normal; font-weight: 600;\">Avan\u00e7o \u00e9 puxado pela recupera\u00e7\u00e3o do setor automotivo, que cresceu 32% no terceiro trimestre deste ano, segundo o relat\u00f3rio da Associa\u00e7\u00e3o Latino-Americana do A\u00e7o<\/p>\r\n\r\n\r\n\r\n<p>O setor de a\u00e7o brasileiro deve crescer 2,7% em 2022 em compara\u00e7\u00e3o com o ano anterior. A proje\u00e7\u00e3o consta no relat\u00f3rio da Associa\u00e7\u00e3o Latino-Americana do A\u00e7o (Alacero), divulgado na noite desta quinta-feira (17), durante a confer\u00eancia anual promovida pela entidade. A expectativa \u00e9 que a ind\u00fastria tamb\u00e9m avance em 2023, com uma alta de 0,6%.<\/p>\r\n<p>Neste ano, a produ\u00e7\u00e3o de a\u00e7o brasileira \u00e9 impulsionada pela recupera\u00e7\u00e3o do setor automotivo, que cresceu 32% no terceiro trimestre deste ano, segundo o relat\u00f3rio da Alacero, ap\u00f3s um primeiro semestre dif\u00edcil por conta da falta de pe\u00e7as. Neste ano, a alta do segmento foi de 6,3%.<\/p>\r\n<p>J\u00e1 a constru\u00e7\u00e3o civil teve uma retra\u00e7\u00e3o de 5,7% de junho a agosto, impactada pela alta nos juros e, consequentemente, a dificuldade no financiamento dos im\u00f3veis.<\/p>\r\n<p>Atualmente, a taxa Selic no Brasil est\u00e1 em 13,75% ao ano. No entanto, aponta a Alacero, a expectativa a m\u00e9dio prazo \u00e9 de retomada, com mais investimentos devido a uma infla\u00e7\u00e3o mais est\u00e1vel.<\/p>\r\n<p>Para o segmento de maquin\u00e1rio mec\u00e2nico, que acumula queda de 3,2% neste ano, a previs\u00e3o \u00e9 de avan\u00e7o futuro na demanda devido \u00e0 poss\u00edvel safra recorde esperada no pr\u00f3ximo ano.<\/p>\r\n<p>Se no Brasil os n\u00fameros sugerem avan\u00e7o, a Associa\u00e7\u00e3o Latino-Americana do A\u00e7o modera as proje\u00e7\u00f5es para o continente devido \u00e0 infla\u00e7\u00e3o global, a crise energ\u00e9tica na Europa e a guerra na Ucr\u00e2nia.<\/p>\r\n<p>\u201cO mundo inteiro vive um processo inflacion\u00e1rio sem precedentes, amplamente destru\u00eddo entre todos os pa\u00edses, isso enfraquece o movimento de exporta\u00e7\u00e3o\u201d, analisou Alejandro Wagner, diretor-executivo da entidade.<\/p>\r\n<div class=\"tags__topics\">\r\n<div class=\"tags__topics__content\">Fonte: https:\/\/www.cnnbrasil.com.br\/economia\/industria-do-aco-no-brasil-deve-crescer-27-em-2022-projeta-associacao\/<\/div>\r\n<\/div>\r\n","protected":false},"excerpt":{"rendered":"<p>Avan\u00e7o \u00e9 puxado pela recupera\u00e7\u00e3o do setor automotivo, que cresceu 32% no terceiro trimestre deste ano, segundo o relat\u00f3rio da Associa\u00e7\u00e3o Latino-Americana do A\u00e7o O setor de a\u00e7o brasileiro deve crescer 2,7% em 2022 em compara\u00e7\u00e3o com o ano anterior. A&#8230;<\/p>\n","protected":false},"author":1,"featured_media":16504,"comment_status":"open","ping_status":"open","sticky":false,"template":"","format":"standard","meta":{"_mi_skip_tracking":false,"_monsterinsights_sitenote_active":false,"_monsterinsights_sitenote_note":"","_monsterinsights_sitenote_category":0,"footnotes":""},"categories":[4,75],"tags":[76,71,72],"class_list":["post-150","post","type-post","status-publish","format-standard","has-post-thumbnail","hentry","category-industria","category-nacional","tag-brasil","tag-industria","tag-nacional"],"aioseo_notices":[],"_links":{"self":[{"href":"https:\/\/trelitubos.com.br\/novo\/wp-json\/wp\/v2\/posts\/150","targetHints":{"allow":["GET"]}}],"collection":[{"href":"https:\/\/trelitubos.com.br\/novo\/wp-json\/wp\/v2\/posts"}],"about":[{"href":"https:\/\/trelitubos.com.br\/novo\/wp-json\/wp\/v2\/types\/post"}],"author":[{"embeddable":true,"href":"https:\/\/trelitubos.com.br\/novo\/wp-json\/wp\/v2\/users\/1"}],"replies":[{"embeddable":true,"href":"https:\/\/trelitubos.com.br\/novo\/wp-json\/wp\/v2\/comments?post=150"}],"version-history":[{"count":3,"href":"https:\/\/trelitubos.com.br\/novo\/wp-json\/wp\/v2\/posts\/150\/revisions"}],"predecessor-version":[{"id":16505,"href":"https:\/\/trelitubos.com.br\/novo\/wp-json\/wp\/v2\/posts\/150\/revisions\/16505"}],"wp:featuredmedia":[{"embeddable":true,"href":"https:\/\/trelitubos.com.br\/novo\/wp-json\/wp\/v2\/media\/16504"}],"wp:attachment":[{"href":"https:\/\/trelitubos.com.br\/novo\/wp-json\/wp\/v2\/media?parent=150"}],"wp:term":[{"taxonomy":"category","embeddable":true,"href":"https:\/\/trelitubos.com.br\/novo\/wp-json\/wp\/v2\/categories?post=150"},{"taxonomy":"post_tag","embeddable":true,"href":"https:\/\/trelitubos.com.br\/novo\/wp-json\/wp\/v2\/tags?post=150"}],"curies":[{"name":"wp","href":"https:\/\/api.w.org\/{rel}","templated":true}]}}